{"id":18956,"date":"2024-07-15T13:26:44","date_gmt":"2024-07-15T11:26:44","guid":{"rendered":"https:\/\/www.red-on-line.com\/?p=18956"},"modified":"2025-08-18T14:23:05","modified_gmt":"2025-08-18T12:23:05","slug":"nachhaltigkeitsberichterstattung-verlaengerung-der-fristen-fuer-sektorspezifische-standards-und-berichterstattung-sowie-von-unternehmen-aus-drittlaendern","status":"publish","type":"post","link":"https:\/\/www.red-on-line.com\/de\/blog\/nachhaltigkeitsberichterstattung-verlaengerung-der-fristen-fuer-sektorspezifische-standards-und-berichterstattung-sowie-von-unternehmen-aus-drittlaendern\/","title":{"rendered":"Nachhaltigkeitsberichterstattung: Verl\u00e4ngerung der Fristen f\u00fcr sektorspezifische Standards und Berichterstattung sowie von Unternehmen aus Drittl\u00e4ndern"},"content":{"rendered":"<p>Am 8. Mai 2024 wird im Amtsblatt der Europ\u00e4ischen Union die &#8222;&#8220;Richtlinie (EU) 2024\/1306\u2026..zur \u00c4nderung der Richtlinie 2013\/34\/EU im Hinblick auf die Fristen f\u00fcr den Erlass der Standards f\u00fcr die Nachhaltigkeitsberichterstattung f\u00fcr bestimmte Sektoren und bestimmte Unternehmen aus Drittstaaten&#8220;&#8220; erlassen. Es werden die Erstellungsfristen der Kommissionsverordnungen \u00fcber sektorspezifische Standards f\u00fcr die Nachhaltigkeitsberichterstattung sowie \u00fcber die Standards f\u00fcr Nachhaltigkeitsberichte von Unternehmen aus Drittl\u00e4ndern der Richtlinie 2013\/34\/EU vom 26. Juni 2013 \u00fcber den Jahresabschluss, den konsolidierten Abschluss und damit verbundene Berichte von Unternehmen bestimmter Rechtsformen ge\u00e4ndert. Dieser \u00c4nderungstext gibt den Unternehmen und der Kommission 2 Jahre zus\u00e4tzlich Zeit, sich auf die sektoralen Standards f\u00fcr die Nachhaltigkeitsberichterstattung (ESRS) und auf spezifische Standards f\u00fcr gro\u00dfe Nicht-EU-Unternehmen vorzubereiten. Das Datum des Inkrafttretens dieser \u00c4nderung ist der 28. Mai 2024.<\/p>    <p>Um den Berichtsaufwand f\u00fcr Unternehmen zu verringern, sollen die Unternehmen die M\u00f6glichkeit haben, sich zun\u00e4chst auf die Umsetzung der Anforderungen an die Nachhaltigkeitsberichterstattung nach der Delegierten Verordnung (EU) 2023\/2772 (Standards f\u00fcr die Nachhaltigkeitsberichterstattung) zu konzentrieren. Deshalb soll die in der Richtlinie 2013\/34\/EU genannte Frist f\u00fcr den Erlass der delegierten Rechtsakte, in denen festgelegt wird, \u00fcber welche Informationen Unternehmen in Bezug auf Nachhaltigkeitsaspekte Bericht erstatten m\u00fcssen und welche besonderen Berichtsbereiche f\u00fcr die Sektoren, in denen sie jeweils t\u00e4tig sind, relevant sind, um zwei Jahre verl\u00e4ngert werden. Die Rechtsakte dazu werden, sobald m\u00f6glich, schon vor diesen Fristen ver\u00f6ffentlicht.<\/p>    <p>Entsprechend dieser \u00c4nderungen hat die Kommission bis zum 30. Juni 2026 (statt bisher 30. Juni 2024) in delegierten Rechtsakten festzulegen:<\/p>    <ul><li>gegebenenfalls erg\u00e4nzende Informationen, die Unternehmen in Bezug auf die in Artikel 19a Absatz 2 aufgef\u00fchrten Nachhaltigkeitsbelange und Berichtsbereiche zu melden haben (Informationen, die erforderlich sind, um die Auswirkungen des Unternehmens auf Nachhaltigkeitsbelange zu verstehen, und Informationen, die erforderlich sind, um zu verstehen, wie sich Nachhaltigkeitsbelange auf die Entwicklung, die Leistung und die Position des Unternehmens auswirken, die in den Lagebericht aufgenommen werden sollen);<\/li><li>Informationen, die Unternehmen zu melden haben und die f\u00fcr den Sektor, in dem sie t\u00e4tig sind, spezifisch sind.<\/li><\/ul>    <p>In Bezug auf die Standards f\u00fcr die Nachhaltigkeitsberichterstattung von Unternehmen aus Drittl\u00e4ndern muss die Kommission bis zum 30. Juni 2026 (statt bisher 30. Juni 2024) einen delegierten Rechtsakt zur Erg\u00e4nzung dieser Richtlinie erlassen, um Standards f\u00fcr die Nachhaltigkeitsberichterstattung f\u00fcr Unternehmen aus Drittl\u00e4ndern festzulegen, in denen die Informationen festgelegt werden, die in die in Artikel 40a genannten Nachhaltigkeitsberichte aufzunehmen sind.<\/p>    <span class=\"separator separator--center separator--gradient separator--md\"><\/span>   <h4><span class=\"has-inline-color has-color-5-color\"><strong>EHS-Rechtsmonitoring \u2013 Die Expertenl\u00f6sung f\u00fcr nachweisbare Compliance in Ihrer Organisation | Red-on-line<\/strong><\/span><\/h4>    <p>Es reicht nicht, das Gesetz zu kennen \u2013 Sie m\u00fcssen wissen, was konkret gilt, Standort f\u00fcr Standort. Und Sie m\u00fcssen es belegen k\u00f6nnen.<\/p>   <div class=\"bttn-align-center\"><a href=\"https:\/\/www.red-on-line.com\/de\/loesungen\/ueberwachung-einhaltung-gesetzlicher-hse-bestimmungen\/\" target=\"_self\" class=\"bttn  bttn--md\" rel=\"noopener\"><span class=\"bttn__cont-label-icon\"><span class=\"bttn__label\">Entdecken Sie die L\u00f6sung f\u00fcr regulatorisches Monitoring und Compliance mit Red-on-line.<\/span><\/span><\/a><\/div>","protected":false},"excerpt":{"rendered":"<p>Der Canadian Sustainability Standards Board (CSSB) hat das Konsultationspapier sowie die Regelungsvorschl\u00e4ge f\u00fcr die Kanadischen Standards f\u00fcr die Nachhaltigkeitsberichterstattung (Canadian Sustainability Disclosure Standards, CSDS) zur \u00f6ffentlichen Konsultation herausgegeben. Interessierte Parteien k\u00f6nnen ihre Stellungnahme bis zum 10. Juni 2024 einreichen.<br \/>Die CSDS beziehen sich auf die IFRS Sustainability Disclosure Standards (IFRS S1 \u201eAllgemeine Vorschriften f\u00fcr die Angabe von nachhaltigkeitsbezogenen <\/p>\n","protected":false},"author":25,"featured_media":18957,"comment_status":"open","ping_status":"open","sticky":false,"template":"","format":"standard","meta":[],"categories":[703],"tags":[],"yoast_head":"<!-- This site is optimized with the Yoast SEO plugin v19.0 - https:\/\/yoast.com\/wordpress\/plugins\/seo\/ -->\n<title>Nachhaltigkeitsberichterstattung: Verl\u00e4ngerung der Fristen f\u00fcr sektorspezifische Standards und Berichterstattung sowie von Unternehmen aus Drittl\u00e4ndern<\/title>\n<meta name=\"description\" content=\"Am 8. Mai 2024 wird im Amtsblatt der Europ\u00e4ischen Union die &quot;&quot;Richtlinie (EU) 2024\/1306 zur \u00c4nderung der Richtlinie 2013\/34\/EU im Hinblick auf die Fristen f\u00fcr den Erlass der Standards f\u00fcr die Nachhaltigkeitsberichterstattung f\u00fcr bestimmte Sektoren und bestimmte Unternehmen aus Drittstaaten&quot;&quot; erlassen.\" \/>\n<meta name=\"robots\" content=\"index, follow, max-snippet:-1, max-image-preview:large, max-video-preview:-1\" \/>\n<link rel=\"canonical\" href=\"https:\/\/www.red-on-line.com\/de\/blog\/nachhaltigkeitsberichterstattung-verlaengerung-der-fristen-fuer-sektorspezifische-standards-und-berichterstattung-sowie-von-unternehmen-aus-drittlaendern\/\" \/>\n<meta property=\"og:locale\" content=\"de_DE\" \/>\n<meta property=\"og:type\" content=\"article\" \/>\n<meta property=\"og:title\" content=\"Nachhaltigkeitsberichterstattung: Verl\u00e4ngerung der Fristen f\u00fcr sektorspezifische Standards und Berichterstattung sowie von Unternehmen aus Drittl\u00e4ndern\" \/>\n<meta property=\"og:description\" content=\"Am 8. Mai 2024 wird im Amtsblatt der Europ\u00e4ischen Union die &quot;&quot;Richtlinie (EU) 2024\/1306 zur \u00c4nderung der Richtlinie 2013\/34\/EU im Hinblick auf die Fristen f\u00fcr den Erlass der Standards f\u00fcr die Nachhaltigkeitsberichterstattung f\u00fcr bestimmte Sektoren und bestimmte Unternehmen aus Drittstaaten&quot;&quot; erlassen.\" \/>\n<meta property=\"og:url\" content=\"https:\/\/www.red-on-line.com\/de\/blog\/nachhaltigkeitsberichterstattung-verlaengerung-der-fristen-fuer-sektorspezifische-standards-und-berichterstattung-sowie-von-unternehmen-aus-drittlaendern\/\" \/>\n<meta property=\"og:site_name\" content=\"Red On line (COM)\" \/>\n<meta property=\"article:published_time\" content=\"2024-07-15T11:26:44+00:00\" \/>\n<meta property=\"article:modified_time\" content=\"2025-08-18T12:23:05+00:00\" \/>\n<meta property=\"og:image\" content=\"https:\/\/www.red-on-line.com\/app\/uploads\/sites\/2\/2024\/07\/Nachhaltigkeitsberichterstattung-scaled.jpg\" \/>\n\t<meta property=\"og:image:width\" content=\"2560\" \/>\n\t<meta property=\"og:image:height\" content=\"1707\" \/>\n\t<meta property=\"og:image:type\" content=\"image\/jpeg\" \/>\n<meta name=\"twitter:card\" content=\"summary_large_image\" \/>\n<meta name=\"twitter:label1\" content=\"Verfasst von\" \/>\n\t<meta name=\"twitter:data1\" content=\"itrabelsi\" \/>\n\t<meta name=\"twitter:label2\" content=\"Gesch\u00e4tzte Lesezeit\" \/>\n\t<meta name=\"twitter:data2\" content=\"2 Minuten\" \/>\n<script type=\"application\/ld+json\" class=\"yoast-schema-graph\">{\"@context\":\"https:\/\/schema.org\",\"@graph\":[{\"@type\":\"WebSite\",\"@id\":\"https:\/\/www.red-on-line.com\/#website\",\"url\":\"https:\/\/www.red-on-line.com\/\",\"name\":\"Red On line (COM)\",\"description\":\"Un site utilisant Les sites de Red On Line\",\"potentialAction\":[{\"@type\":\"SearchAction\",\"target\":{\"@type\":\"EntryPoint\",\"urlTemplate\":\"https:\/\/www.red-on-line.com\/?s={search_term_string}\"},\"query-input\":\"required name=search_term_string\"}],\"inLanguage\":\"de-DE\"},{\"@type\":\"ImageObject\",\"inLanguage\":\"de-DE\",\"@id\":\"https:\/\/www.red-on-line.com\/de\/blog\/nachhaltigkeitsberichterstattung-verlaengerung-der-fristen-fuer-sektorspezifische-standards-und-berichterstattung-sowie-von-unternehmen-aus-drittlaendern\/#primaryimage\",\"url\":\"https:\/\/www.red-on-line.com\/app\/uploads\/sites\/2\/2024\/07\/Nachhaltigkeitsberichterstattung-scaled.jpg\",\"contentUrl\":\"https:\/\/www.red-on-line.com\/app\/uploads\/sites\/2\/2024\/07\/Nachhaltigkeitsberichterstattung-scaled.jpg\",\"width\":2560,\"height\":1707,\"caption\":\"EHS Rechts Updates Deutschland\"},{\"@type\":\"WebPage\",\"@id\":\"https:\/\/www.red-on-line.com\/de\/blog\/nachhaltigkeitsberichterstattung-verlaengerung-der-fristen-fuer-sektorspezifische-standards-und-berichterstattung-sowie-von-unternehmen-aus-drittlaendern\/#webpage\",\"url\":\"https:\/\/www.red-on-line.com\/de\/blog\/nachhaltigkeitsberichterstattung-verlaengerung-der-fristen-fuer-sektorspezifische-standards-und-berichterstattung-sowie-von-unternehmen-aus-drittlaendern\/\",\"name\":\"Nachhaltigkeitsberichterstattung: Verl\u00e4ngerung der Fristen f\u00fcr sektorspezifische Standards und Berichterstattung sowie von Unternehmen aus Drittl\u00e4ndern\",\"isPartOf\":{\"@id\":\"https:\/\/www.red-on-line.com\/#website\"},\"primaryImageOfPage\":{\"@id\":\"https:\/\/www.red-on-line.com\/de\/blog\/nachhaltigkeitsberichterstattung-verlaengerung-der-fristen-fuer-sektorspezifische-standards-und-berichterstattung-sowie-von-unternehmen-aus-drittlaendern\/#primaryimage\"},\"datePublished\":\"2024-07-15T11:26:44+00:00\",\"dateModified\":\"2025-08-18T12:23:05+00:00\",\"author\":{\"@id\":\"https:\/\/www.red-on-line.com\/#\/schema\/person\/a85a65534390814deb3702c36e92eebc\"},\"description\":\"Am 8. Mai 2024 wird im Amtsblatt der Europ\u00e4ischen Union die \\\"\\\"Richtlinie (EU) 2024\/1306 zur \u00c4nderung der Richtlinie 2013\/34\/EU im Hinblick auf die Fristen f\u00fcr den Erlass der Standards f\u00fcr die Nachhaltigkeitsberichterstattung f\u00fcr bestimmte Sektoren und bestimmte Unternehmen aus Drittstaaten\\\"\\\" erlassen.\",\"breadcrumb\":{\"@id\":\"https:\/\/www.red-on-line.com\/de\/blog\/nachhaltigkeitsberichterstattung-verlaengerung-der-fristen-fuer-sektorspezifische-standards-und-berichterstattung-sowie-von-unternehmen-aus-drittlaendern\/#breadcrumb\"},\"inLanguage\":\"de-DE\",\"potentialAction\":[{\"@type\":\"ReadAction\",\"target\":[\"https:\/\/www.red-on-line.com\/de\/blog\/nachhaltigkeitsberichterstattung-verlaengerung-der-fristen-fuer-sektorspezifische-standards-und-berichterstattung-sowie-von-unternehmen-aus-drittlaendern\/\"]}]},{\"@type\":\"BreadcrumbList\",\"@id\":\"https:\/\/www.red-on-line.com\/de\/blog\/nachhaltigkeitsberichterstattung-verlaengerung-der-fristen-fuer-sektorspezifische-standards-und-berichterstattung-sowie-von-unternehmen-aus-drittlaendern\/#breadcrumb\",\"itemListElement\":[{\"@type\":\"ListItem\",\"position\":1,\"name\":\"Home\",\"item\":\"https:\/\/www.red-on-line.com\/de\/\"},{\"@type\":\"ListItem\",\"position\":2,\"name\":\"Nachhaltigkeitsberichterstattung: Verl\u00e4ngerung der Fristen f\u00fcr sektorspezifische Standards und Berichterstattung sowie von Unternehmen aus Drittl\u00e4ndern\"}]},{\"@type\":\"Person\",\"@id\":\"https:\/\/www.red-on-line.com\/#\/schema\/person\/a85a65534390814deb3702c36e92eebc\",\"name\":\"itrabelsi\",\"image\":{\"@type\":\"ImageObject\",\"inLanguage\":\"de-DE\",\"@id\":\"https:\/\/www.red-on-line.com\/#\/schema\/person\/image\/\",\"url\":\"https:\/\/secure.gravatar.com\/avatar\/a393e7b95966063b0890e784e7050576?s=96&d=mm&r=g\",\"contentUrl\":\"https:\/\/secure.gravatar.com\/avatar\/a393e7b95966063b0890e784e7050576?s=96&d=mm&r=g\",\"caption\":\"itrabelsi\"},\"url\":\"https:\/\/www.red-on-line.com\/de\/blog\/author\/itrabelsi\/\"}]}<\/script>\n<!-- \/ Yoast SEO plugin. -->","yoast_head_json":{"title":"Nachhaltigkeitsberichterstattung: Verl\u00e4ngerung der Fristen f\u00fcr sektorspezifische Standards und Berichterstattung sowie von Unternehmen aus Drittl\u00e4ndern","description":"Am 8. Mai 2024 wird im Amtsblatt der Europ\u00e4ischen Union die \"\"Richtlinie (EU) 2024\/1306 zur \u00c4nderung der Richtlinie 2013\/34\/EU im Hinblick auf die Fristen f\u00fcr den Erlass der Standards f\u00fcr die Nachhaltigkeitsberichterstattung f\u00fcr bestimmte Sektoren und bestimmte Unternehmen aus Drittstaaten\"\" erlassen.","robots":{"index":"index","follow":"follow","max-snippet":"max-snippet:-1","max-image-preview":"max-image-preview:large","max-video-preview":"max-video-preview:-1"},"canonical":"https:\/\/www.red-on-line.com\/de\/blog\/nachhaltigkeitsberichterstattung-verlaengerung-der-fristen-fuer-sektorspezifische-standards-und-berichterstattung-sowie-von-unternehmen-aus-drittlaendern\/","og_locale":"de_DE","og_type":"article","og_title":"Nachhaltigkeitsberichterstattung: Verl\u00e4ngerung der Fristen f\u00fcr sektorspezifische Standards und Berichterstattung sowie von Unternehmen aus Drittl\u00e4ndern","og_description":"Am 8. Mai 2024 wird im Amtsblatt der Europ\u00e4ischen Union die \"\"Richtlinie (EU) 2024\/1306 zur \u00c4nderung der Richtlinie 2013\/34\/EU im Hinblick auf die Fristen f\u00fcr den Erlass der Standards f\u00fcr die Nachhaltigkeitsberichterstattung f\u00fcr bestimmte Sektoren und bestimmte Unternehmen aus Drittstaaten\"\" erlassen.","og_url":"https:\/\/www.red-on-line.com\/de\/blog\/nachhaltigkeitsberichterstattung-verlaengerung-der-fristen-fuer-sektorspezifische-standards-und-berichterstattung-sowie-von-unternehmen-aus-drittlaendern\/","og_site_name":"Red On line (COM)","article_published_time":"2024-07-15T11:26:44+00:00","article_modified_time":"2025-08-18T12:23:05+00:00","og_image":[{"width":2560,"height":1707,"url":"https:\/\/www.red-on-line.com\/app\/uploads\/sites\/2\/2024\/07\/Nachhaltigkeitsberichterstattung-scaled.jpg","type":"image\/jpeg"}],"twitter_card":"summary_large_image","twitter_misc":{"Verfasst von":"itrabelsi","Gesch\u00e4tzte Lesezeit":"2 Minuten"},"schema":{"@context":"https:\/\/schema.org","@graph":[{"@type":"WebSite","@id":"https:\/\/www.red-on-line.com\/#website","url":"https:\/\/www.red-on-line.com\/","name":"Red On line (COM)","description":"Un site utilisant Les sites de Red On Line","potentialAction":[{"@type":"SearchAction","target":{"@type":"EntryPoint","urlTemplate":"https:\/\/www.red-on-line.com\/?s={search_term_string}"},"query-input":"required name=search_term_string"}],"inLanguage":"de-DE"},{"@type":"ImageObject","inLanguage":"de-DE","@id":"https:\/\/www.red-on-line.com\/de\/blog\/nachhaltigkeitsberichterstattung-verlaengerung-der-fristen-fuer-sektorspezifische-standards-und-berichterstattung-sowie-von-unternehmen-aus-drittlaendern\/#primaryimage","url":"https:\/\/www.red-on-line.com\/app\/uploads\/sites\/2\/2024\/07\/Nachhaltigkeitsberichterstattung-scaled.jpg","contentUrl":"https:\/\/www.red-on-line.com\/app\/uploads\/sites\/2\/2024\/07\/Nachhaltigkeitsberichterstattung-scaled.jpg","width":2560,"height":1707,"caption":"EHS Rechts Updates Deutschland"},{"@type":"WebPage","@id":"https:\/\/www.red-on-line.com\/de\/blog\/nachhaltigkeitsberichterstattung-verlaengerung-der-fristen-fuer-sektorspezifische-standards-und-berichterstattung-sowie-von-unternehmen-aus-drittlaendern\/#webpage","url":"https:\/\/www.red-on-line.com\/de\/blog\/nachhaltigkeitsberichterstattung-verlaengerung-der-fristen-fuer-sektorspezifische-standards-und-berichterstattung-sowie-von-unternehmen-aus-drittlaendern\/","name":"Nachhaltigkeitsberichterstattung: Verl\u00e4ngerung der Fristen f\u00fcr sektorspezifische Standards und Berichterstattung sowie von Unternehmen aus Drittl\u00e4ndern","isPartOf":{"@id":"https:\/\/www.red-on-line.com\/#website"},"primaryImageOfPage":{"@id":"https:\/\/www.red-on-line.com\/de\/blog\/nachhaltigkeitsberichterstattung-verlaengerung-der-fristen-fuer-sektorspezifische-standards-und-berichterstattung-sowie-von-unternehmen-aus-drittlaendern\/#primaryimage"},"datePublished":"2024-07-15T11:26:44+00:00","dateModified":"2025-08-18T12:23:05+00:00","author":{"@id":"https:\/\/www.red-on-line.com\/#\/schema\/person\/a85a65534390814deb3702c36e92eebc"},"description":"Am 8. Mai 2024 wird im Amtsblatt der Europ\u00e4ischen Union die \"\"Richtlinie (EU) 2024\/1306 zur \u00c4nderung der Richtlinie 2013\/34\/EU im Hinblick auf die Fristen f\u00fcr den Erlass der Standards f\u00fcr die Nachhaltigkeitsberichterstattung f\u00fcr bestimmte Sektoren und bestimmte Unternehmen aus Drittstaaten\"\" erlassen.","breadcrumb":{"@id":"https:\/\/www.red-on-line.com\/de\/blog\/nachhaltigkeitsberichterstattung-verlaengerung-der-fristen-fuer-sektorspezifische-standards-und-berichterstattung-sowie-von-unternehmen-aus-drittlaendern\/#breadcrumb"},"inLanguage":"de-DE","potentialAction":[{"@type":"ReadAction","target":["https:\/\/www.red-on-line.com\/de\/blog\/nachhaltigkeitsberichterstattung-verlaengerung-der-fristen-fuer-sektorspezifische-standards-und-berichterstattung-sowie-von-unternehmen-aus-drittlaendern\/"]}]},{"@type":"BreadcrumbList","@id":"https:\/\/www.red-on-line.com\/de\/blog\/nachhaltigkeitsberichterstattung-verlaengerung-der-fristen-fuer-sektorspezifische-standards-und-berichterstattung-sowie-von-unternehmen-aus-drittlaendern\/#breadcrumb","itemListElement":[{"@type":"ListItem","position":1,"name":"Home","item":"https:\/\/www.red-on-line.com\/de\/"},{"@type":"ListItem","position":2,"name":"Nachhaltigkeitsberichterstattung: Verl\u00e4ngerung der Fristen f\u00fcr sektorspezifische Standards und Berichterstattung sowie von Unternehmen aus Drittl\u00e4ndern"}]},{"@type":"Person","@id":"https:\/\/www.red-on-line.com\/#\/schema\/person\/a85a65534390814deb3702c36e92eebc","name":"itrabelsi","image":{"@type":"ImageObject","inLanguage":"de-DE","@id":"https:\/\/www.red-on-line.com\/#\/schema\/person\/image\/","url":"https:\/\/secure.gravatar.com\/avatar\/a393e7b95966063b0890e784e7050576?s=96&d=mm&r=g","contentUrl":"https:\/\/secure.gravatar.com\/avatar\/a393e7b95966063b0890e784e7050576?s=96&d=mm&r=g","caption":"itrabelsi"},"url":"https:\/\/www.red-on-line.com\/de\/blog\/author\/itrabelsi\/"}]}},"_links":{"self":[{"href":"https:\/\/www.red-on-line.com\/de\/wp-json\/wp\/v2\/posts\/18956"}],"collection":[{"href":"https:\/\/www.red-on-line.com\/de\/wp-json\/wp\/v2\/posts"}],"about":[{"href":"https:\/\/www.red-on-line.com\/de\/wp-json\/wp\/v2\/types\/post"}],"author":[{"embeddable":true,"href":"https:\/\/www.red-on-line.com\/de\/wp-json\/wp\/v2\/users\/25"}],"replies":[{"embeddable":true,"href":"https:\/\/www.red-on-line.com\/de\/wp-json\/wp\/v2\/comments?post=18956"}],"version-history":[{"count":5,"href":"https:\/\/www.red-on-line.com\/de\/wp-json\/wp\/v2\/posts\/18956\/revisions"}],"predecessor-version":[{"id":20221,"href":"https:\/\/www.red-on-line.com\/de\/wp-json\/wp\/v2\/posts\/18956\/revisions\/20221"}],"wp:featuredmedia":[{"embeddable":true,"href":"https:\/\/www.red-on-line.com\/de\/wp-json\/wp\/v2\/media\/18957"}],"wp:attachment":[{"href":"https:\/\/www.red-on-line.com\/de\/wp-json\/wp\/v2\/media?parent=18956"}],"wp:term":[{"taxonomy":"category","embeddable":true,"href":"https:\/\/www.red-on-line.com\/de\/wp-json\/wp\/v2\/categories?post=18956"},{"taxonomy":"post_tag","embeddable":true,"href":"https:\/\/www.red-on-line.com\/de\/wp-json\/wp\/v2\/tags?post=18956"}],"curies":[{"name":"wp","href":"https:\/\/api.w.org\/{rel}","templated":true}]}}